{"id":193822,"date":"2018-07-09T09:16:59","date_gmt":"2018-07-09T13:16:59","guid":{"rendered":"https:\/\/www.2020spaces.com\/press-release-2020-promob-merge-business-operations\/"},"modified":"2021-03-01T16:16:37","modified_gmt":"2021-03-01T21:16:37","slug":"communique-de-presse-2020-promob-fusionnent-leurs-activites","status":"publish","type":"post","link":"https:\/\/www.2020spaces.com\/fr\/communique-de-presse-2020-promob-fusionnent-leurs-activites\/","title":{"rendered":"Communiqu\u00e9 de Presse \u2013 2020 et Promob fusionnent leurs activit\u00e9s"},"content":{"rendered":"<div id=\"cs-content\" class=\"cs-content\"><\/div>\n","protected":false},"excerpt":{"rendered":"<p>2020 a annonc\u00e9 aujourd\u2019hui la fusion prochaine de ses activit\u00e9s commerciales avec celles de Promob Software Solutions (Promob). L\u2019int\u00e9gration de ces deux importants fournisseurs de logiciels permettra d\u2019offrir des solutions plus robustes aux clients actuels et potentiels, et de cr\u00e9er de nouveaux d\u00e9bouch\u00e9s partout dans le monde.<br \/>\n<br \/>\n<b><a href=\"https:\/\/www.2020spaces.com\/fr\/communique-de-presse-2020-promob-fusionnent-leurs-activites\/\">En savoir plus<\/a><\/b><\/p>\n","protected":false},"author":1,"featured_media":311957,"comment_status":"closed","ping_status":"closed","sticky":false,"template":"","format":"standard","meta":{"_bbp_topic_count":0,"_bbp_reply_count":0,"_bbp_total_topic_count":0,"_bbp_total_reply_count":0,"_bbp_voice_count":0,"_bbp_anonymous_reply_count":0,"_bbp_topic_count_hidden":0,"_bbp_reply_count_hidden":0,"_bbp_forum_subforum_count":0,"footnotes":""},"categories":[2694],"tags":[393,1286,3816],"class_list":["post-193822","post","type-post","status-publish","format-standard","has-post-thumbnail","hentry","category-2020-news-fr","tag-2020-design-fr","tag-2020-design-fr-2","tag-press-release-fr"],"pp_force_visibility":null,"pp_subpost_visibility":null,"pp_inherited_force_visibility":null,"pp_inherited_subpost_visibility":null,"yoast_head":"<!-- This site is optimized with the Yoast SEO Premium plugin v27.4 (Yoast SEO v27.4) - https:\/\/yoast.com\/product\/yoast-seo-premium-wordpress\/ -->\n<title>Communiqu\u00e9 de Presse : 2020 et Promob fusionnent leurs activit\u00e9s<\/title>\n<meta name=\"description\" content=\"Les deux leaders de logiciels et de contenu d\u2019am\u00e9nagement d\u2019int\u00e9rieur fusionnent pour renforcer leur pr\u00e9sence internationale.\" \/>\n<meta name=\"robots\" content=\"index, follow, max-snippet:-1, max-image-preview:large, max-video-preview:-1\" \/>\n<link rel=\"canonical\" href=\"https:\/\/www.2020spaces.com\/fr\/communique-de-presse-2020-promob-fusionnent-leurs-activites\/\" \/>\n<meta property=\"og:locale\" content=\"fr_FR\" \/>\n<meta property=\"og:type\" content=\"article\" \/>\n<meta property=\"og:title\" content=\"Communiqu\u00e9 de Presse \u2013 2020 et Promob fusionnent leurs activit\u00e9s\" \/>\n<meta property=\"og:description\" content=\"Les deux leaders de logiciels et de contenu d\u2019am\u00e9nagement d\u2019int\u00e9rieur fusionnent pour renforcer leur pr\u00e9sence internationale\" \/>\n<meta property=\"og:url\" content=\"https:\/\/www.2020spaces.com\/fr\/communique-de-presse-2020-promob-fusionnent-leurs-activites\/\" \/>\n<meta property=\"og:site_name\" content=\"2020\" \/>\n<meta property=\"article:publisher\" content=\"https:\/\/www.facebook.com\/2020spaces\" \/>\n<meta property=\"article:published_time\" content=\"2018-07-09T13:16:59+00:00\" \/>\n<meta property=\"article:modified_time\" content=\"2021-03-01T21:16:37+00:00\" \/>\n<meta property=\"og:image\" content=\"https:\/\/www.2020spaces.com\/wp-content\/uploads\/2018\/07\/Fotolia_169000727_Subscription_Monthly_M_FR.png\" \/>\n\t<meta property=\"og:image:width\" content=\"939\" \/>\n\t<meta property=\"og:image:height\" content=\"630\" \/>\n\t<meta property=\"og:image:type\" content=\"image\/png\" \/>\n<meta name=\"author\" content=\"2020\" \/>\n<meta name=\"twitter:card\" content=\"summary_large_image\" \/>\n<meta name=\"twitter:title\" content=\"Communiqu\u00e9 de Presse \u2013 2020 et Promob fusionnent leurs activit\u00e9s\" \/>\n<meta name=\"twitter:creator\" content=\"@2020spaces\" \/>\n<meta name=\"twitter:site\" content=\"@2020spaces\" \/>\n<meta name=\"twitter:label1\" content=\"\u00c9crit par\" \/>\n\t<meta name=\"twitter:data1\" content=\"2020\" \/>\n\t<meta name=\"twitter:label2\" content=\"Dur\u00e9e de lecture estim\u00e9e\" \/>\n\t<meta name=\"twitter:data2\" content=\"3 minutes\" \/>\n<script type=\"application\/ld+json\" class=\"yoast-schema-graph\">{\"@context\":\"https:\\\/\\\/schema.org\",\"@graph\":[{\"@type\":\"Article\",\"@id\":\"https:\\\/\\\/www.2020spaces.com\\\/fr\\\/communique-de-presse-2020-promob-fusionnent-leurs-activites\\\/#article\",\"isPartOf\":{\"@id\":\"https:\\\/\\\/www.2020spaces.com\\\/fr\\\/communique-de-presse-2020-promob-fusionnent-leurs-activites\\\/\"},\"author\":{\"name\":\"2020\",\"@id\":\"https:\\\/\\\/www.2020spaces.com\\\/#\\\/schema\\\/person\\\/8130237b8a942c58cee770e6199eccb4\"},\"headline\":\"Communiqu\u00e9 de Presse \u2013 2020 et Promob fusionnent leurs activit\u00e9s\",\"datePublished\":\"2018-07-09T13:16:59+00:00\",\"dateModified\":\"2021-03-01T21:16:37+00:00\",\"mainEntityOfPage\":{\"@id\":\"https:\\\/\\\/www.2020spaces.com\\\/fr\\\/communique-de-presse-2020-promob-fusionnent-leurs-activites\\\/\"},\"wordCount\":656,\"image\":{\"@id\":\"https:\\\/\\\/www.2020spaces.com\\\/fr\\\/communique-de-presse-2020-promob-fusionnent-leurs-activites\\\/#primaryimage\"},\"thumbnailUrl\":\"https:\\\/\\\/www.2020spaces.com\\\/wp-content\\\/uploads\\\/2018\\\/07\\\/Featured_400x323_Promob_PR_FR.jpg\",\"keywords\":[\"2020 Design\",\"2020 Design\",\"Press Release\"],\"articleSection\":[\"2020 News\"],\"inLanguage\":\"fr-FR\"},{\"@type\":\"WebPage\",\"@id\":\"https:\\\/\\\/www.2020spaces.com\\\/fr\\\/communique-de-presse-2020-promob-fusionnent-leurs-activites\\\/\",\"url\":\"https:\\\/\\\/www.2020spaces.com\\\/fr\\\/communique-de-presse-2020-promob-fusionnent-leurs-activites\\\/\",\"name\":\"Communiqu\u00e9 de Presse : 2020 et Promob fusionnent leurs activit\u00e9s\",\"isPartOf\":{\"@id\":\"https:\\\/\\\/www.2020spaces.com\\\/#website\"},\"primaryImageOfPage\":{\"@id\":\"https:\\\/\\\/www.2020spaces.com\\\/fr\\\/communique-de-presse-2020-promob-fusionnent-leurs-activites\\\/#primaryimage\"},\"image\":{\"@id\":\"https:\\\/\\\/www.2020spaces.com\\\/fr\\\/communique-de-presse-2020-promob-fusionnent-leurs-activites\\\/#primaryimage\"},\"thumbnailUrl\":\"https:\\\/\\\/www.2020spaces.com\\\/wp-content\\\/uploads\\\/2018\\\/07\\\/Featured_400x323_Promob_PR_FR.jpg\",\"datePublished\":\"2018-07-09T13:16:59+00:00\",\"dateModified\":\"2021-03-01T21:16:37+00:00\",\"author\":{\"@id\":\"https:\\\/\\\/www.2020spaces.com\\\/#\\\/schema\\\/person\\\/8130237b8a942c58cee770e6199eccb4\"},\"description\":\"Les deux leaders de logiciels et de contenu d\u2019am\u00e9nagement d\u2019int\u00e9rieur fusionnent pour renforcer leur pr\u00e9sence internationale.\",\"breadcrumb\":{\"@id\":\"https:\\\/\\\/www.2020spaces.com\\\/fr\\\/communique-de-presse-2020-promob-fusionnent-leurs-activites\\\/#breadcrumb\"},\"inLanguage\":\"fr-FR\",\"potentialAction\":[{\"@type\":\"ReadAction\",\"target\":[\"https:\\\/\\\/www.2020spaces.com\\\/fr\\\/communique-de-presse-2020-promob-fusionnent-leurs-activites\\\/\"]}]},{\"@type\":\"ImageObject\",\"inLanguage\":\"fr-FR\",\"@id\":\"https:\\\/\\\/www.2020spaces.com\\\/fr\\\/communique-de-presse-2020-promob-fusionnent-leurs-activites\\\/#primaryimage\",\"url\":\"https:\\\/\\\/www.2020spaces.com\\\/wp-content\\\/uploads\\\/2018\\\/07\\\/Featured_400x323_Promob_PR_FR.jpg\",\"contentUrl\":\"https:\\\/\\\/www.2020spaces.com\\\/wp-content\\\/uploads\\\/2018\\\/07\\\/Featured_400x323_Promob_PR_FR.jpg\",\"width\":400,\"height\":323,\"caption\":\"2020 et Promob fusionnent leurs activit\u00e9s\"},{\"@type\":\"BreadcrumbList\",\"@id\":\"https:\\\/\\\/www.2020spaces.com\\\/fr\\\/communique-de-presse-2020-promob-fusionnent-leurs-activites\\\/#breadcrumb\",\"itemListElement\":[{\"@type\":\"ListItem\",\"position\":1,\"name\":\"Home\",\"item\":\"https:\\\/\\\/www.2020spaces.com\\\/fr\\\/accueil-2-2\\\/\"},{\"@type\":\"ListItem\",\"position\":2,\"name\":\"Communiqu\u00e9 de Presse \u2013 2020 et Promob fusionnent leurs activit\u00e9s\"}]},{\"@type\":\"WebSite\",\"@id\":\"https:\\\/\\\/www.2020spaces.com\\\/#website\",\"url\":\"https:\\\/\\\/www.2020spaces.com\\\/\",\"name\":\"2020\",\"description\":\"Making Spaces for Life\u2122\",\"potentialAction\":[{\"@type\":\"SearchAction\",\"target\":{\"@type\":\"EntryPoint\",\"urlTemplate\":\"https:\\\/\\\/www.2020spaces.com\\\/?s={search_term_string}\"},\"query-input\":{\"@type\":\"PropertyValueSpecification\",\"valueRequired\":true,\"valueName\":\"search_term_string\"}}],\"inLanguage\":\"fr-FR\"},{\"@type\":\"Person\",\"@id\":\"https:\\\/\\\/www.2020spaces.com\\\/#\\\/schema\\\/person\\\/8130237b8a942c58cee770e6199eccb4\",\"name\":\"2020\",\"image\":{\"@type\":\"ImageObject\",\"inLanguage\":\"fr-FR\",\"@id\":\"https:\\\/\\\/www.2020spaces.com\\\/wp-content\\\/uploads\\\/avatars\\\/1\\\/58c935c1c7c2d-bpfull.png\",\"url\":\"https:\\\/\\\/www.2020spaces.com\\\/wp-content\\\/uploads\\\/avatars\\\/1\\\/58c935c1c7c2d-bpfull.png\",\"contentUrl\":\"https:\\\/\\\/www.2020spaces.com\\\/wp-content\\\/uploads\\\/avatars\\\/1\\\/58c935c1c7c2d-bpfull.png\",\"caption\":\"2020\"},\"url\":\"https:\\\/\\\/www.2020spaces.com\\\/fr\\\/author\\\/markm\\\/\"}]}<\/script>\n<!-- \/ Yoast SEO Premium plugin. -->","yoast_head_json":{"title":"Communiqu\u00e9 de Presse : 2020 et Promob fusionnent leurs activit\u00e9s","description":"Les deux leaders de logiciels et de contenu d\u2019am\u00e9nagement d\u2019int\u00e9rieur fusionnent pour renforcer leur pr\u00e9sence internationale.","robots":{"index":"index","follow":"follow","max-snippet":"max-snippet:-1","max-image-preview":"max-image-preview:large","max-video-preview":"max-video-preview:-1"},"canonical":"https:\/\/www.2020spaces.com\/fr\/communique-de-presse-2020-promob-fusionnent-leurs-activites\/","og_locale":"fr_FR","og_type":"article","og_title":"Communiqu\u00e9 de Presse \u2013 2020 et Promob fusionnent leurs activit\u00e9s","og_description":"Les deux leaders de logiciels et de contenu d\u2019am\u00e9nagement d\u2019int\u00e9rieur fusionnent pour renforcer leur pr\u00e9sence internationale","og_url":"https:\/\/www.2020spaces.com\/fr\/communique-de-presse-2020-promob-fusionnent-leurs-activites\/","og_site_name":"2020","article_publisher":"https:\/\/www.facebook.com\/2020spaces","article_published_time":"2018-07-09T13:16:59+00:00","article_modified_time":"2021-03-01T21:16:37+00:00","og_image":[{"width":939,"height":630,"url":"https:\/\/www.2020spaces.com\/wp-content\/uploads\/2018\/07\/Fotolia_169000727_Subscription_Monthly_M_FR.png","type":"image\/png"}],"author":"2020","twitter_card":"summary_large_image","twitter_title":"Communiqu\u00e9 de Presse \u2013 2020 et Promob fusionnent leurs activit\u00e9s","twitter_creator":"@2020spaces","twitter_site":"@2020spaces","twitter_misc":{"\u00c9crit par":"2020","Dur\u00e9e de lecture estim\u00e9e":"3 minutes"},"schema":{"@context":"https:\/\/schema.org","@graph":[{"@type":"Article","@id":"https:\/\/www.2020spaces.com\/fr\/communique-de-presse-2020-promob-fusionnent-leurs-activites\/#article","isPartOf":{"@id":"https:\/\/www.2020spaces.com\/fr\/communique-de-presse-2020-promob-fusionnent-leurs-activites\/"},"author":{"name":"2020","@id":"https:\/\/www.2020spaces.com\/#\/schema\/person\/8130237b8a942c58cee770e6199eccb4"},"headline":"Communiqu\u00e9 de Presse \u2013 2020 et Promob fusionnent leurs activit\u00e9s","datePublished":"2018-07-09T13:16:59+00:00","dateModified":"2021-03-01T21:16:37+00:00","mainEntityOfPage":{"@id":"https:\/\/www.2020spaces.com\/fr\/communique-de-presse-2020-promob-fusionnent-leurs-activites\/"},"wordCount":656,"image":{"@id":"https:\/\/www.2020spaces.com\/fr\/communique-de-presse-2020-promob-fusionnent-leurs-activites\/#primaryimage"},"thumbnailUrl":"https:\/\/www.2020spaces.com\/wp-content\/uploads\/2018\/07\/Featured_400x323_Promob_PR_FR.jpg","keywords":["2020 Design","2020 Design","Press Release"],"articleSection":["2020 News"],"inLanguage":"fr-FR"},{"@type":"WebPage","@id":"https:\/\/www.2020spaces.com\/fr\/communique-de-presse-2020-promob-fusionnent-leurs-activites\/","url":"https:\/\/www.2020spaces.com\/fr\/communique-de-presse-2020-promob-fusionnent-leurs-activites\/","name":"Communiqu\u00e9 de Presse : 2020 et Promob fusionnent leurs activit\u00e9s","isPartOf":{"@id":"https:\/\/www.2020spaces.com\/#website"},"primaryImageOfPage":{"@id":"https:\/\/www.2020spaces.com\/fr\/communique-de-presse-2020-promob-fusionnent-leurs-activites\/#primaryimage"},"image":{"@id":"https:\/\/www.2020spaces.com\/fr\/communique-de-presse-2020-promob-fusionnent-leurs-activites\/#primaryimage"},"thumbnailUrl":"https:\/\/www.2020spaces.com\/wp-content\/uploads\/2018\/07\/Featured_400x323_Promob_PR_FR.jpg","datePublished":"2018-07-09T13:16:59+00:00","dateModified":"2021-03-01T21:16:37+00:00","author":{"@id":"https:\/\/www.2020spaces.com\/#\/schema\/person\/8130237b8a942c58cee770e6199eccb4"},"description":"Les deux leaders de logiciels et de contenu d\u2019am\u00e9nagement d\u2019int\u00e9rieur fusionnent pour renforcer leur pr\u00e9sence internationale.","breadcrumb":{"@id":"https:\/\/www.2020spaces.com\/fr\/communique-de-presse-2020-promob-fusionnent-leurs-activites\/#breadcrumb"},"inLanguage":"fr-FR","potentialAction":[{"@type":"ReadAction","target":["https:\/\/www.2020spaces.com\/fr\/communique-de-presse-2020-promob-fusionnent-leurs-activites\/"]}]},{"@type":"ImageObject","inLanguage":"fr-FR","@id":"https:\/\/www.2020spaces.com\/fr\/communique-de-presse-2020-promob-fusionnent-leurs-activites\/#primaryimage","url":"https:\/\/www.2020spaces.com\/wp-content\/uploads\/2018\/07\/Featured_400x323_Promob_PR_FR.jpg","contentUrl":"https:\/\/www.2020spaces.com\/wp-content\/uploads\/2018\/07\/Featured_400x323_Promob_PR_FR.jpg","width":400,"height":323,"caption":"2020 et Promob fusionnent leurs activit\u00e9s"},{"@type":"BreadcrumbList","@id":"https:\/\/www.2020spaces.com\/fr\/communique-de-presse-2020-promob-fusionnent-leurs-activites\/#breadcrumb","itemListElement":[{"@type":"ListItem","position":1,"name":"Home","item":"https:\/\/www.2020spaces.com\/fr\/accueil-2-2\/"},{"@type":"ListItem","position":2,"name":"Communiqu\u00e9 de Presse \u2013 2020 et Promob fusionnent leurs activit\u00e9s"}]},{"@type":"WebSite","@id":"https:\/\/www.2020spaces.com\/#website","url":"https:\/\/www.2020spaces.com\/","name":"2020","description":"Making Spaces for Life\u2122","potentialAction":[{"@type":"SearchAction","target":{"@type":"EntryPoint","urlTemplate":"https:\/\/www.2020spaces.com\/?s={search_term_string}"},"query-input":{"@type":"PropertyValueSpecification","valueRequired":true,"valueName":"search_term_string"}}],"inLanguage":"fr-FR"},{"@type":"Person","@id":"https:\/\/www.2020spaces.com\/#\/schema\/person\/8130237b8a942c58cee770e6199eccb4","name":"2020","image":{"@type":"ImageObject","inLanguage":"fr-FR","@id":"https:\/\/www.2020spaces.com\/wp-content\/uploads\/avatars\/1\/58c935c1c7c2d-bpfull.png","url":"https:\/\/www.2020spaces.com\/wp-content\/uploads\/avatars\/1\/58c935c1c7c2d-bpfull.png","contentUrl":"https:\/\/www.2020spaces.com\/wp-content\/uploads\/avatars\/1\/58c935c1c7c2d-bpfull.png","caption":"2020"},"url":"https:\/\/www.2020spaces.com\/fr\/author\/markm\/"}]}},"_links":{"self":[{"href":"https:\/\/www.2020spaces.com\/fr\/wp-json\/wp\/v2\/posts\/193822","targetHints":{"allow":["GET"]}}],"collection":[{"href":"https:\/\/www.2020spaces.com\/fr\/wp-json\/wp\/v2\/posts"}],"about":[{"href":"https:\/\/www.2020spaces.com\/fr\/wp-json\/wp\/v2\/types\/post"}],"author":[{"embeddable":true,"href":"https:\/\/www.2020spaces.com\/fr\/wp-json\/wp\/v2\/users\/1"}],"replies":[{"embeddable":true,"href":"https:\/\/www.2020spaces.com\/fr\/wp-json\/wp\/v2\/comments?post=193822"}],"version-history":[{"count":0,"href":"https:\/\/www.2020spaces.com\/fr\/wp-json\/wp\/v2\/posts\/193822\/revisions"}],"wp:featuredmedia":[{"embeddable":true,"href":"https:\/\/www.2020spaces.com\/fr\/wp-json\/wp\/v2\/media\/311957"}],"wp:attachment":[{"href":"https:\/\/www.2020spaces.com\/fr\/wp-json\/wp\/v2\/media?parent=193822"}],"wp:term":[{"taxonomy":"category","embeddable":true,"href":"https:\/\/www.2020spaces.com\/fr\/wp-json\/wp\/v2\/categories?post=193822"},{"taxonomy":"post_tag","embeddable":true,"href":"https:\/\/www.2020spaces.com\/fr\/wp-json\/wp\/v2\/tags?post=193822"}],"curies":[{"name":"wp","href":"https:\/\/api.w.org\/{rel}","templated":true}]}}