{"id":322519,"date":"2021-02-25T08:11:03","date_gmt":"2021-02-25T13:11:03","guid":{"rendered":"https:\/\/www.2020spaces.com\/blog-successfully-navigating-the-post-pandemic-retail-environment\/"},"modified":"2024-01-09T16:28:04","modified_gmt":"2024-01-09T21:28:04","slug":"blog-reflexions-autour-du-retail-post-pandemie","status":"publish","type":"post","link":"https:\/\/www.2020spaces.com\/fr\/blog-reflexions-autour-du-retail-post-pandemie\/","title":{"rendered":"R\u00e9flexions autour du retail post-pand\u00e9mie"},"content":{"rendered":"<div id=\"cs-content\" class=\"cs-content\"><\/div>\n","protected":false},"excerpt":{"rendered":"<p>Les commerces physiques ont \u00e9t\u00e9 particuli\u00e8rement touch\u00e9s par les restrictions d&rsquo;ouverture, avec des baisses de fr\u00e9quentation record en magasin pouvant aller jusqu\u2019\u00e0 -95%. Evidemment, cela a eu un impact consid\u00e9rable sur les revenus de ces d\u00e9taillants. \u00c0 l&rsquo;inverse, l&rsquo;ann\u00e9e derni\u00e8re, les entreprises du secteur de l&rsquo;am\u00e9nagement de la maison ayant &#8230; <\/p>\n<div><a href=\"https:\/\/www.2020spaces.com\/fr\/blog-reflexions-autour-du-retail-post-pandemie\/\" class=\"more-link\">En savoir plus<\/a><\/div>\n","protected":false},"author":26709,"featured_media":322531,"comment_status":"closed","ping_status":"closed","sticky":false,"template":"","format":"standard","meta":{"_bbp_topic_count":0,"_bbp_reply_count":0,"_bbp_total_topic_count":0,"_bbp_total_reply_count":0,"_bbp_voice_count":0,"_bbp_anonymous_reply_count":0,"_bbp_topic_count_hidden":0,"_bbp_reply_count_hidden":0,"_bbp_forum_subforum_count":0,"footnotes":""},"categories":[2695,3131],"tags":[3768,641],"class_list":["post-322519","post","type-post","status-publish","format-standard","has-post-thumbnail","hentry","category-blogs-fr","category-2020-ideal-spaces-fr","tag-2020-blog-fr","tag-2020-ideal-spaces-fr"],"pp_force_visibility":null,"pp_subpost_visibility":null,"pp_inherited_force_visibility":null,"pp_inherited_subpost_visibility":null,"yoast_head":"<!-- This site is optimized with the Yoast SEO Premium plugin v27.4 (Yoast SEO v27.4) - https:\/\/yoast.com\/product\/yoast-seo-premium-wordpress\/ -->\n<title>R\u00e9flexions autour du retail post-pand\u00e9mie | 2020 Blog<\/title>\n<meta name=\"description\" content=\"D\u00e9couvrez comment cr\u00e9er un parcours client efficace et attrayant pour le retail post-pand\u00e9mie. Les commerces physiques ont \u00e9t\u00e9\" \/>\n<meta name=\"robots\" content=\"index, follow, max-snippet:-1, max-image-preview:large, max-video-preview:-1\" \/>\n<link rel=\"canonical\" href=\"https:\/\/www.2020spaces.com\/fr\/blog-reflexions-autour-du-retail-post-pandemie\/\" \/>\n<meta property=\"og:locale\" content=\"fr_FR\" \/>\n<meta property=\"og:type\" content=\"article\" \/>\n<meta property=\"og:title\" content=\"R\u00e9flexions autour du retail post-pand\u00e9mie | 2020 Blog\" \/>\n<meta property=\"og:description\" content=\"D\u00e9couvrez comment cr\u00e9er un parcours client efficace et attrayant pour le retail post-pand\u00e9mie.\" \/>\n<meta property=\"og:url\" content=\"https:\/\/www.2020spaces.com\/fr\/blog-reflexions-autour-du-retail-post-pandemie\/\" \/>\n<meta property=\"og:site_name\" content=\"2020\" \/>\n<meta property=\"article:publisher\" content=\"https:\/\/www.facebook.com\/2020spaces\" \/>\n<meta property=\"article:published_time\" content=\"2021-02-25T13:11:03+00:00\" \/>\n<meta property=\"article:modified_time\" content=\"2024-01-09T21:28:04+00:00\" \/>\n<meta property=\"og:image\" content=\"https:\/\/www.2020spaces.com\/wp-content\/uploads\/2021\/02\/Social_1200x630_BLOG_Post-PandemicRetail_FR.jpg\" \/>\n\t<meta property=\"og:image:width\" content=\"1200\" \/>\n\t<meta property=\"og:image:height\" content=\"630\" \/>\n\t<meta property=\"og:image:type\" content=\"image\/jpeg\" \/>\n<meta name=\"author\" content=\"2020 Spaces\" \/>\n<meta name=\"twitter:card\" content=\"summary_large_image\" \/>\n<meta name=\"twitter:title\" content=\"R\u00e9flexions autour du retail post-pand\u00e9mie | 2020 Blog\" \/>\n<meta name=\"twitter:description\" content=\"D\u00e9couvrez comment cr\u00e9er un parcours client efficace et attrayant pour le retail post-pand\u00e9mie.\" \/>\n<meta name=\"twitter:image\" content=\"https:\/\/www.2020spaces.com\/wp-content\/uploads\/2021\/02\/Social_1200x630_BLOG_Post-PandemicRetail_FR.jpg\" \/>\n<meta name=\"twitter:creator\" content=\"@2020spaces\" \/>\n<meta name=\"twitter:site\" content=\"@2020spaces\" \/>\n<meta name=\"twitter:label1\" content=\"\u00c9crit par\" \/>\n\t<meta name=\"twitter:data1\" content=\"2020 Spaces\" \/>\n\t<meta name=\"twitter:label2\" content=\"Dur\u00e9e de lecture estim\u00e9e\" \/>\n\t<meta name=\"twitter:data2\" content=\"3 minutes\" \/>\n<script type=\"application\/ld+json\" class=\"yoast-schema-graph\">{\"@context\":\"https:\\\/\\\/schema.org\",\"@graph\":[{\"@type\":\"Article\",\"@id\":\"https:\\\/\\\/www.2020spaces.com\\\/fr\\\/blog-reflexions-autour-du-retail-post-pandemie\\\/#article\",\"isPartOf\":{\"@id\":\"https:\\\/\\\/www.2020spaces.com\\\/fr\\\/blog-reflexions-autour-du-retail-post-pandemie\\\/\"},\"author\":{\"name\":\"2020 Spaces\",\"@id\":\"https:\\\/\\\/www.2020spaces.com\\\/#\\\/schema\\\/person\\\/6814b7ffb548e25d9dd0c2023991487c\"},\"headline\":\"R\u00e9flexions autour du retail post-pand\u00e9mie\",\"datePublished\":\"2021-02-25T13:11:03+00:00\",\"dateModified\":\"2024-01-09T21:28:04+00:00\",\"mainEntityOfPage\":{\"@id\":\"https:\\\/\\\/www.2020spaces.com\\\/fr\\\/blog-reflexions-autour-du-retail-post-pandemie\\\/\"},\"wordCount\":902,\"image\":{\"@id\":\"https:\\\/\\\/www.2020spaces.com\\\/fr\\\/blog-reflexions-autour-du-retail-post-pandemie\\\/#primaryimage\"},\"thumbnailUrl\":\"https:\\\/\\\/www.2020spaces.com\\\/wp-content\\\/uploads\\\/2021\\\/02\\\/Featured_400x323_BLOG_Post-PandemicRetail_FR.jpg\",\"keywords\":[\"2020 Blog\",\"2020 Ideal Spaces\"],\"articleSection\":[\"2020 Blogs\",\"2020 Ideal Spaces\"],\"inLanguage\":\"fr-FR\"},{\"@type\":\"WebPage\",\"@id\":\"https:\\\/\\\/www.2020spaces.com\\\/fr\\\/blog-reflexions-autour-du-retail-post-pandemie\\\/\",\"url\":\"https:\\\/\\\/www.2020spaces.com\\\/fr\\\/blog-reflexions-autour-du-retail-post-pandemie\\\/\",\"name\":\"R\u00e9flexions autour du retail post-pand\u00e9mie | 2020 Blog\",\"isPartOf\":{\"@id\":\"https:\\\/\\\/www.2020spaces.com\\\/#website\"},\"primaryImageOfPage\":{\"@id\":\"https:\\\/\\\/www.2020spaces.com\\\/fr\\\/blog-reflexions-autour-du-retail-post-pandemie\\\/#primaryimage\"},\"image\":{\"@id\":\"https:\\\/\\\/www.2020spaces.com\\\/fr\\\/blog-reflexions-autour-du-retail-post-pandemie\\\/#primaryimage\"},\"thumbnailUrl\":\"https:\\\/\\\/www.2020spaces.com\\\/wp-content\\\/uploads\\\/2021\\\/02\\\/Featured_400x323_BLOG_Post-PandemicRetail_FR.jpg\",\"datePublished\":\"2021-02-25T13:11:03+00:00\",\"dateModified\":\"2024-01-09T21:28:04+00:00\",\"author\":{\"@id\":\"https:\\\/\\\/www.2020spaces.com\\\/#\\\/schema\\\/person\\\/6814b7ffb548e25d9dd0c2023991487c\"},\"description\":\"D\u00e9couvrez comment cr\u00e9er un parcours client efficace et attrayant pour le retail post-pand\u00e9mie. Les commerces physiques ont \u00e9t\u00e9\",\"breadcrumb\":{\"@id\":\"https:\\\/\\\/www.2020spaces.com\\\/fr\\\/blog-reflexions-autour-du-retail-post-pandemie\\\/#breadcrumb\"},\"inLanguage\":\"fr-FR\",\"potentialAction\":[{\"@type\":\"ReadAction\",\"target\":[\"https:\\\/\\\/www.2020spaces.com\\\/fr\\\/blog-reflexions-autour-du-retail-post-pandemie\\\/\"]}]},{\"@type\":\"ImageObject\",\"inLanguage\":\"fr-FR\",\"@id\":\"https:\\\/\\\/www.2020spaces.com\\\/fr\\\/blog-reflexions-autour-du-retail-post-pandemie\\\/#primaryimage\",\"url\":\"https:\\\/\\\/www.2020spaces.com\\\/wp-content\\\/uploads\\\/2021\\\/02\\\/Featured_400x323_BLOG_Post-PandemicRetail_FR.jpg\",\"contentUrl\":\"https:\\\/\\\/www.2020spaces.com\\\/wp-content\\\/uploads\\\/2021\\\/02\\\/Featured_400x323_BLOG_Post-PandemicRetail_FR.jpg\",\"width\":400,\"height\":323,\"caption\":\"R\u00e9flexions autour du retail post-pand\u00e9mie\"},{\"@type\":\"BreadcrumbList\",\"@id\":\"https:\\\/\\\/www.2020spaces.com\\\/fr\\\/blog-reflexions-autour-du-retail-post-pandemie\\\/#breadcrumb\",\"itemListElement\":[{\"@type\":\"ListItem\",\"position\":1,\"name\":\"Home\",\"item\":\"https:\\\/\\\/www.2020spaces.com\\\/fr\\\/accueil-2-2\\\/\"},{\"@type\":\"ListItem\",\"position\":2,\"name\":\"R\u00e9flexions autour du retail post-pand\u00e9mie\"}]},{\"@type\":\"WebSite\",\"@id\":\"https:\\\/\\\/www.2020spaces.com\\\/#website\",\"url\":\"https:\\\/\\\/www.2020spaces.com\\\/\",\"name\":\"2020\",\"description\":\"Making Spaces for Life\u2122\",\"potentialAction\":[{\"@type\":\"SearchAction\",\"target\":{\"@type\":\"EntryPoint\",\"urlTemplate\":\"https:\\\/\\\/www.2020spaces.com\\\/?s={search_term_string}\"},\"query-input\":{\"@type\":\"PropertyValueSpecification\",\"valueRequired\":true,\"valueName\":\"search_term_string\"}}],\"inLanguage\":\"fr-FR\"},{\"@type\":\"Person\",\"@id\":\"https:\\\/\\\/www.2020spaces.com\\\/#\\\/schema\\\/person\\\/6814b7ffb548e25d9dd0c2023991487c\",\"name\":\"2020 Spaces\",\"image\":{\"@type\":\"ImageObject\",\"inLanguage\":\"fr-FR\",\"@id\":\"\\\/\\\/www.gravatar.com\\\/avatar\\\/7bab62dec5c773ce20d6048922e45967?s=96&#038;r=g&#038;d=monsterid\",\"url\":\"\\\/\\\/www.gravatar.com\\\/avatar\\\/7bab62dec5c773ce20d6048922e45967?s=96&#038;r=g&#038;d=monsterid\",\"contentUrl\":\"\\\/\\\/www.gravatar.com\\\/avatar\\\/7bab62dec5c773ce20d6048922e45967?s=96&#038;r=g&#038;d=monsterid\",\"caption\":\"2020 Spaces\"},\"url\":\"https:\\\/\\\/www.2020spaces.com\\\/fr\\\/author\\\/tarnum\\\/\"}]}<\/script>\n<!-- \/ Yoast SEO Premium plugin. -->","yoast_head_json":{"title":"R\u00e9flexions autour du retail post-pand\u00e9mie | 2020 Blog","description":"D\u00e9couvrez comment cr\u00e9er un parcours client efficace et attrayant pour le retail post-pand\u00e9mie. Les commerces physiques ont \u00e9t\u00e9","robots":{"index":"index","follow":"follow","max-snippet":"max-snippet:-1","max-image-preview":"max-image-preview:large","max-video-preview":"max-video-preview:-1"},"canonical":"https:\/\/www.2020spaces.com\/fr\/blog-reflexions-autour-du-retail-post-pandemie\/","og_locale":"fr_FR","og_type":"article","og_title":"R\u00e9flexions autour du retail post-pand\u00e9mie | 2020 Blog","og_description":"D\u00e9couvrez comment cr\u00e9er un parcours client efficace et attrayant pour le retail post-pand\u00e9mie.","og_url":"https:\/\/www.2020spaces.com\/fr\/blog-reflexions-autour-du-retail-post-pandemie\/","og_site_name":"2020","article_publisher":"https:\/\/www.facebook.com\/2020spaces","article_published_time":"2021-02-25T13:11:03+00:00","article_modified_time":"2024-01-09T21:28:04+00:00","og_image":[{"width":1200,"height":630,"url":"https:\/\/www.2020spaces.com\/wp-content\/uploads\/2021\/02\/Social_1200x630_BLOG_Post-PandemicRetail_FR.jpg","type":"image\/jpeg"}],"author":"2020 Spaces","twitter_card":"summary_large_image","twitter_title":"R\u00e9flexions autour du retail post-pand\u00e9mie | 2020 Blog","twitter_description":"D\u00e9couvrez comment cr\u00e9er un parcours client efficace et attrayant pour le retail post-pand\u00e9mie.","twitter_image":"https:\/\/www.2020spaces.com\/wp-content\/uploads\/2021\/02\/Social_1200x630_BLOG_Post-PandemicRetail_FR.jpg","twitter_creator":"@2020spaces","twitter_site":"@2020spaces","twitter_misc":{"\u00c9crit par":"2020 Spaces","Dur\u00e9e de lecture estim\u00e9e":"3 minutes"},"schema":{"@context":"https:\/\/schema.org","@graph":[{"@type":"Article","@id":"https:\/\/www.2020spaces.com\/fr\/blog-reflexions-autour-du-retail-post-pandemie\/#article","isPartOf":{"@id":"https:\/\/www.2020spaces.com\/fr\/blog-reflexions-autour-du-retail-post-pandemie\/"},"author":{"name":"2020 Spaces","@id":"https:\/\/www.2020spaces.com\/#\/schema\/person\/6814b7ffb548e25d9dd0c2023991487c"},"headline":"R\u00e9flexions autour du retail post-pand\u00e9mie","datePublished":"2021-02-25T13:11:03+00:00","dateModified":"2024-01-09T21:28:04+00:00","mainEntityOfPage":{"@id":"https:\/\/www.2020spaces.com\/fr\/blog-reflexions-autour-du-retail-post-pandemie\/"},"wordCount":902,"image":{"@id":"https:\/\/www.2020spaces.com\/fr\/blog-reflexions-autour-du-retail-post-pandemie\/#primaryimage"},"thumbnailUrl":"https:\/\/www.2020spaces.com\/wp-content\/uploads\/2021\/02\/Featured_400x323_BLOG_Post-PandemicRetail_FR.jpg","keywords":["2020 Blog","2020 Ideal Spaces"],"articleSection":["2020 Blogs","2020 Ideal Spaces"],"inLanguage":"fr-FR"},{"@type":"WebPage","@id":"https:\/\/www.2020spaces.com\/fr\/blog-reflexions-autour-du-retail-post-pandemie\/","url":"https:\/\/www.2020spaces.com\/fr\/blog-reflexions-autour-du-retail-post-pandemie\/","name":"R\u00e9flexions autour du retail post-pand\u00e9mie | 2020 Blog","isPartOf":{"@id":"https:\/\/www.2020spaces.com\/#website"},"primaryImageOfPage":{"@id":"https:\/\/www.2020spaces.com\/fr\/blog-reflexions-autour-du-retail-post-pandemie\/#primaryimage"},"image":{"@id":"https:\/\/www.2020spaces.com\/fr\/blog-reflexions-autour-du-retail-post-pandemie\/#primaryimage"},"thumbnailUrl":"https:\/\/www.2020spaces.com\/wp-content\/uploads\/2021\/02\/Featured_400x323_BLOG_Post-PandemicRetail_FR.jpg","datePublished":"2021-02-25T13:11:03+00:00","dateModified":"2024-01-09T21:28:04+00:00","author":{"@id":"https:\/\/www.2020spaces.com\/#\/schema\/person\/6814b7ffb548e25d9dd0c2023991487c"},"description":"D\u00e9couvrez comment cr\u00e9er un parcours client efficace et attrayant pour le retail post-pand\u00e9mie. Les commerces physiques ont \u00e9t\u00e9","breadcrumb":{"@id":"https:\/\/www.2020spaces.com\/fr\/blog-reflexions-autour-du-retail-post-pandemie\/#breadcrumb"},"inLanguage":"fr-FR","potentialAction":[{"@type":"ReadAction","target":["https:\/\/www.2020spaces.com\/fr\/blog-reflexions-autour-du-retail-post-pandemie\/"]}]},{"@type":"ImageObject","inLanguage":"fr-FR","@id":"https:\/\/www.2020spaces.com\/fr\/blog-reflexions-autour-du-retail-post-pandemie\/#primaryimage","url":"https:\/\/www.2020spaces.com\/wp-content\/uploads\/2021\/02\/Featured_400x323_BLOG_Post-PandemicRetail_FR.jpg","contentUrl":"https:\/\/www.2020spaces.com\/wp-content\/uploads\/2021\/02\/Featured_400x323_BLOG_Post-PandemicRetail_FR.jpg","width":400,"height":323,"caption":"R\u00e9flexions autour du retail post-pand\u00e9mie"},{"@type":"BreadcrumbList","@id":"https:\/\/www.2020spaces.com\/fr\/blog-reflexions-autour-du-retail-post-pandemie\/#breadcrumb","itemListElement":[{"@type":"ListItem","position":1,"name":"Home","item":"https:\/\/www.2020spaces.com\/fr\/accueil-2-2\/"},{"@type":"ListItem","position":2,"name":"R\u00e9flexions autour du retail post-pand\u00e9mie"}]},{"@type":"WebSite","@id":"https:\/\/www.2020spaces.com\/#website","url":"https:\/\/www.2020spaces.com\/","name":"2020","description":"Making Spaces for Life\u2122","potentialAction":[{"@type":"SearchAction","target":{"@type":"EntryPoint","urlTemplate":"https:\/\/www.2020spaces.com\/?s={search_term_string}"},"query-input":{"@type":"PropertyValueSpecification","valueRequired":true,"valueName":"search_term_string"}}],"inLanguage":"fr-FR"},{"@type":"Person","@id":"https:\/\/www.2020spaces.com\/#\/schema\/person\/6814b7ffb548e25d9dd0c2023991487c","name":"2020 Spaces","image":{"@type":"ImageObject","inLanguage":"fr-FR","@id":"\/\/www.gravatar.com\/avatar\/7bab62dec5c773ce20d6048922e45967?s=96&#038;r=g&#038;d=monsterid","url":"\/\/www.gravatar.com\/avatar\/7bab62dec5c773ce20d6048922e45967?s=96&#038;r=g&#038;d=monsterid","contentUrl":"\/\/www.gravatar.com\/avatar\/7bab62dec5c773ce20d6048922e45967?s=96&#038;r=g&#038;d=monsterid","caption":"2020 Spaces"},"url":"https:\/\/www.2020spaces.com\/fr\/author\/tarnum\/"}]}},"_links":{"self":[{"href":"https:\/\/www.2020spaces.com\/fr\/wp-json\/wp\/v2\/posts\/322519","targetHints":{"allow":["GET"]}}],"collection":[{"href":"https:\/\/www.2020spaces.com\/fr\/wp-json\/wp\/v2\/posts"}],"about":[{"href":"https:\/\/www.2020spaces.com\/fr\/wp-json\/wp\/v2\/types\/post"}],"author":[{"embeddable":true,"href":"https:\/\/www.2020spaces.com\/fr\/wp-json\/wp\/v2\/users\/26709"}],"replies":[{"embeddable":true,"href":"https:\/\/www.2020spaces.com\/fr\/wp-json\/wp\/v2\/comments?post=322519"}],"version-history":[{"count":0,"href":"https:\/\/www.2020spaces.com\/fr\/wp-json\/wp\/v2\/posts\/322519\/revisions"}],"wp:featuredmedia":[{"embeddable":true,"href":"https:\/\/www.2020spaces.com\/fr\/wp-json\/wp\/v2\/media\/322531"}],"wp:attachment":[{"href":"https:\/\/www.2020spaces.com\/fr\/wp-json\/wp\/v2\/media?parent=322519"}],"wp:term":[{"taxonomy":"category","embeddable":true,"href":"https:\/\/www.2020spaces.com\/fr\/wp-json\/wp\/v2\/categories?post=322519"},{"taxonomy":"post_tag","embeddable":true,"href":"https:\/\/www.2020spaces.com\/fr\/wp-json\/wp\/v2\/tags?post=322519"}],"curies":[{"name":"wp","href":"https:\/\/api.w.org\/{rel}","templated":true}]}}